{"id":213,"date":"2017-10-18T12:53:15","date_gmt":"2017-10-18T11:53:15","guid":{"rendered":"http:\/\/gnadenkapelle-aldenhoven.de\/?p=213"},"modified":"2018-01-31T16:49:26","modified_gmt":"2018-01-31T15:49:26","slug":"votivtafeln-wurden-gereinigt-und-von-schmutz-und-staub-befreit","status":"publish","type":"post","link":"http:\/\/gnadenkapelle-aldenhoven.de\/?p=213","title":{"rendered":"Votivtafeln wurden gereinigt und von Schmutz und Staub befreit"},"content":{"rendered":"<p>Am vergangenen Montag trafen sich Mitglieder des Kirchenvorstandes und des Kapellenvereins um die Tafeln zu reinigen.<\/p>\n<p>Anschlie\u00dfend wurden die Tafeln vermessen und sortiert. Schreinermeister und Vorstandsmitglied des F\u00f6rdervereins Bernhard Reuters wird in den n\u00e4chsten Wochen die Tr\u00e4gertafel f\u00fcr die Votivtafeln herstellen, damit diese wieder Ende Februar 2018 in der Gnadenkapelle aufgeh\u00e4ngt werden k\u00f6nnen.<\/p>\n<p>.<img loading=\"lazy\" decoding=\"async\" class=\"alignnone size-medium wp-image-219\" src=\"http:\/\/gnadenkapelle-aldenhoven.de\/wp-content\/uploads\/2017\/10\/IMG_20171016_164359_resized_20171016_065752151-225x300.jpg\" alt=\"\" width=\"225\" height=\"300\" srcset=\"http:\/\/gnadenkapelle-aldenhoven.de\/wp-content\/uploads\/2017\/10\/IMG_20171016_164359_resized_20171016_065752151-225x300.jpg 225w, http:\/\/gnadenkapelle-aldenhoven.de\/wp-content\/uploads\/2017\/10\/IMG_20171016_164359_resized_20171016_065752151-768x1024.jpg 768w, http:\/\/gnadenkapelle-aldenhoven.de\/wp-content\/uploads\/2017\/10\/IMG_20171016_164359_resized_20171016_065752151.jpg 780w\" sizes=\"auto, (max-width: 225px) 100vw, 225px\" \/> <img loading=\"lazy\" decoding=\"async\" class=\"alignnone size-medium wp-image-218\" src=\"http:\/\/gnadenkapelle-aldenhoven.de\/wp-content\/uploads\/2017\/10\/IMG_20171016_174034_resized_20171016_065940979-225x300.jpg\" alt=\"\" width=\"225\" height=\"300\" srcset=\"http:\/\/gnadenkapelle-aldenhoven.de\/wp-content\/uploads\/2017\/10\/IMG_20171016_174034_resized_20171016_065940979-225x300.jpg 225w, http:\/\/gnadenkapelle-aldenhoven.de\/wp-content\/uploads\/2017\/10\/IMG_20171016_174034_resized_20171016_065940979-768x1024.jpg 768w, http:\/\/gnadenkapelle-aldenhoven.de\/wp-content\/uploads\/2017\/10\/IMG_20171016_174034_resized_20171016_065940979.jpg 780w\" sizes=\"auto, (max-width: 225px) 100vw, 225px\" \/> <img loading=\"lazy\" decoding=\"async\" class=\"alignnone size-medium wp-image-217\" src=\"http:\/\/gnadenkapelle-aldenhoven.de\/wp-content\/uploads\/2017\/10\/IMG_20171016_174020_resized_20171016_065940159-225x300.jpg\" alt=\"\" width=\"225\" height=\"300\" srcset=\"http:\/\/gnadenkapelle-aldenhoven.de\/wp-content\/uploads\/2017\/10\/IMG_20171016_174020_resized_20171016_065940159-225x300.jpg 225w, http:\/\/gnadenkapelle-aldenhoven.de\/wp-content\/uploads\/2017\/10\/IMG_20171016_174020_resized_20171016_065940159-768x1024.jpg 768w, http:\/\/gnadenkapelle-aldenhoven.de\/wp-content\/uploads\/2017\/10\/IMG_20171016_174020_resized_20171016_065940159.jpg 780w\" sizes=\"auto, (max-width: 225px) 100vw, 225px\" \/>\u00a0\u00a0 <img loading=\"lazy\" decoding=\"async\" class=\"alignnone size-medium wp-image-214\" src=\"http:\/\/gnadenkapelle-aldenhoven.de\/wp-content\/uploads\/2017\/10\/IMG_20171016_165012_resized_20171016_065845963-225x300.jpg\" alt=\"\" width=\"225\" height=\"300\" srcset=\"http:\/\/gnadenkapelle-aldenhoven.de\/wp-content\/uploads\/2017\/10\/IMG_20171016_165012_resized_20171016_065845963-225x300.jpg 225w, http:\/\/gnadenkapelle-aldenhoven.de\/wp-content\/uploads\/2017\/10\/IMG_20171016_165012_resized_20171016_065845963-768x1024.jpg 768w, http:\/\/gnadenkapelle-aldenhoven.de\/wp-content\/uploads\/2017\/10\/IMG_20171016_165012_resized_20171016_065845963.jpg 780w\" sizes=\"auto, (max-width: 225px) 100vw, 225px\" \/><img loading=\"lazy\" decoding=\"async\" class=\"alignnone size-medium wp-image-216\" src=\"http:\/\/gnadenkapelle-aldenhoven.de\/wp-content\/uploads\/2017\/10\/IMG_20171016_172235_resized_20171016_065846381-225x300.jpg\" alt=\"\" width=\"225\" height=\"300\" srcset=\"http:\/\/gnadenkapelle-aldenhoven.de\/wp-content\/uploads\/2017\/10\/IMG_20171016_172235_resized_20171016_065846381-225x300.jpg 225w, http:\/\/gnadenkapelle-aldenhoven.de\/wp-content\/uploads\/2017\/10\/IMG_20171016_172235_resized_20171016_065846381-768x1024.jpg 768w, http:\/\/gnadenkapelle-aldenhoven.de\/wp-content\/uploads\/2017\/10\/IMG_20171016_172235_resized_20171016_065846381.jpg 780w\" sizes=\"auto, (max-width: 225px) 100vw, 225px\" \/><img loading=\"lazy\" decoding=\"async\" class=\"alignnone size-medium wp-image-215\" src=\"http:\/\/gnadenkapelle-aldenhoven.de\/wp-content\/uploads\/2017\/10\/IMG_20171016_165024_resized_20171016_065847184-225x300.jpg\" alt=\"\" width=\"225\" height=\"300\" srcset=\"http:\/\/gnadenkapelle-aldenhoven.de\/wp-content\/uploads\/2017\/10\/IMG_20171016_165024_resized_20171016_065847184-225x300.jpg 225w, http:\/\/gnadenkapelle-aldenhoven.de\/wp-content\/uploads\/2017\/10\/IMG_20171016_165024_resized_20171016_065847184-768x1024.jpg 768w, http:\/\/gnadenkapelle-aldenhoven.de\/wp-content\/uploads\/2017\/10\/IMG_20171016_165024_resized_20171016_065847184.jpg 780w\" sizes=\"auto, (max-width: 225px) 100vw, 225px\" \/><\/p>\n","protected":false},"excerpt":{"rendered":"<p>Am vergangenen Montag trafen sich Mitglieder des Kirchenvorstandes und des Kapellenvereins um die Tafeln zu reinigen. Anschlie\u00dfend wurden die Tafeln vermessen und sortiert. Schreinermeister und Vorstandsmitglied des F\u00f6rdervereins Bernhard Reuters wird in den n\u00e4chsten Wochen die Tr\u00e4gertafel f\u00fcr die Votivtafeln herstellen, damit diese wieder Ende Februar 2018 in der Gnadenkapelle aufgeh\u00e4ngt werden k\u00f6nnen. . \u00a0\u00a0<\/p>\n","protected":false},"author":2,"featured_media":216,"comment_status":"open","ping_status":"open","sticky":false,"template":"","format":"standard","meta":{"footnotes":""},"categories":[1],"tags":[],"class_list":["post-213","post","type-post","status-publish","format-standard","has-post-thumbnail","hentry","category-uncategorized"],"_links":{"self":[{"href":"http:\/\/gnadenkapelle-aldenhoven.de\/index.php?rest_route=\/wp\/v2\/posts\/213","targetHints":{"allow":["GET"]}}],"collection":[{"href":"http:\/\/gnadenkapelle-aldenhoven.de\/index.php?rest_route=\/wp\/v2\/posts"}],"about":[{"href":"http:\/\/gnadenkapelle-aldenhoven.de\/index.php?rest_route=\/wp\/v2\/types\/post"}],"author":[{"embeddable":true,"href":"http:\/\/gnadenkapelle-aldenhoven.de\/index.php?rest_route=\/wp\/v2\/users\/2"}],"replies":[{"embeddable":true,"href":"http:\/\/gnadenkapelle-aldenhoven.de\/index.php?rest_route=%2Fwp%2Fv2%2Fcomments&post=213"}],"version-history":[{"count":5,"href":"http:\/\/gnadenkapelle-aldenhoven.de\/index.php?rest_route=\/wp\/v2\/posts\/213\/revisions"}],"predecessor-version":[{"id":475,"href":"http:\/\/gnadenkapelle-aldenhoven.de\/index.php?rest_route=\/wp\/v2\/posts\/213\/revisions\/475"}],"wp:featuredmedia":[{"embeddable":true,"href":"http:\/\/gnadenkapelle-aldenhoven.de\/index.php?rest_route=\/wp\/v2\/media\/216"}],"wp:attachment":[{"href":"http:\/\/gnadenkapelle-aldenhoven.de\/index.php?rest_route=%2Fwp%2Fv2%2Fmedia&parent=213"}],"wp:term":[{"taxonomy":"category","embeddable":true,"href":"http:\/\/gnadenkapelle-aldenhoven.de\/index.php?rest_route=%2Fwp%2Fv2%2Fcategories&post=213"},{"taxonomy":"post_tag","embeddable":true,"href":"http:\/\/gnadenkapelle-aldenhoven.de\/index.php?rest_route=%2Fwp%2Fv2%2Ftags&post=213"}],"curies":[{"name":"wp","href":"https:\/\/api.w.org\/{rel}","templated":true}]}}